{"id":842,"date":"2015-09-22T00:00:00","date_gmt":"2015-09-21T23:00:00","guid":{"rendered":"https:\/\/euskara.buruntzaldea.eus\/2015\/09\/22\/se-podra-seguir-el-festival-de-cine-de-san-sebastian-en-la-aplicacion-mugikaria\/"},"modified":"2015-09-22T00:00:00","modified_gmt":"2015-09-21T23:00:00","slug":"se-podra-seguir-el-festival-de-cine-de-san-sebastian-en-la-aplicacion-mugikaria","status":"publish","type":"post","link":"https:\/\/euskara.buruntzaldea.eus\/es\/se-podra-seguir-el-festival-de-cine-de-san-sebastian-en-la-aplicacion-mugikaria\/","title":{"rendered":"Se podr\u00e1 seguir el Festival de Cine de San Sebasti\u00e1n en la aplicaci\u00f3n Mugikaria"},"content":{"rendered":"<p>\n\tLa aplicaci&oacute;n Mugikaria ha puesto en marcha una nueva secci&oacute;n sobre el Festival de Cine de San Sebasti&aacute;n, donde se podr&aacute;n leer las cr&oacute;nicas de Xabier Mendiguren Elizegi. Elizegi realizara el seguimiento de la secci&oacute;n oficial por und&eacute;cima vez en Sustatu.<\/p>\n<p>\n\tLa secci&oacute;n Zinemaldia se encuentra en el men&uacute; de la izquierda de la aplicaci&oacute;n Mugikaria. Todav&iacute;a no est&aacute;n disponibles las cr&oacute;nicas de Elizegi, pero est&aacute;n disponibles las entradas de tres blogs (publicados con licencia libre cc-by):<\/p>\n<ul class=\"listae\">\n<li>\n\t\t5 recomendaciones de Mikel Garcia (Argia)<\/li>\n<li>\n\t\t&quot;B aldeko proposamenak&quot; (Argia) de Gaizka Izagirre<\/li>\n<li>\n\t\tRecomendaciones de I&ntilde;aki Ortiz en Kulturaldian<\/li>\n<\/ul>\n","protected":false},"excerpt":{"rendered":"<p>\n\tEn el nuevo apartado se publicar&aacute;n las cr&oacute;nicas de Xabier Mendiguren<\/p>\n","protected":false},"author":0,"featured_media":840,"comment_status":"closed","ping_status":"closed","sticky":false,"template":"","format":"standard","meta":{"_acf_changed":false,"footnotes":""},"categories":[10],"tags":[],"herria":[],"class_list":["post-842","post","type-post","status-publish","format-standard","has-post-thumbnail","hentry","category-sin-categorizar"],"acf":[],"_links":{"self":[{"href":"https:\/\/euskara.buruntzaldea.eus\/es\/wp-json\/wp\/v2\/posts\/842","targetHints":{"allow":["GET"]}}],"collection":[{"href":"https:\/\/euskara.buruntzaldea.eus\/es\/wp-json\/wp\/v2\/posts"}],"about":[{"href":"https:\/\/euskara.buruntzaldea.eus\/es\/wp-json\/wp\/v2\/types\/post"}],"replies":[{"embeddable":true,"href":"https:\/\/euskara.buruntzaldea.eus\/es\/wp-json\/wp\/v2\/comments?post=842"}],"version-history":[{"count":0,"href":"https:\/\/euskara.buruntzaldea.eus\/es\/wp-json\/wp\/v2\/posts\/842\/revisions"}],"wp:featuredmedia":[{"embeddable":true,"href":"https:\/\/euskara.buruntzaldea.eus\/es\/wp-json\/wp\/v2\/media\/840"}],"wp:attachment":[{"href":"https:\/\/euskara.buruntzaldea.eus\/es\/wp-json\/wp\/v2\/media?parent=842"}],"wp:term":[{"taxonomy":"category","embeddable":true,"href":"https:\/\/euskara.buruntzaldea.eus\/es\/wp-json\/wp\/v2\/categories?post=842"},{"taxonomy":"post_tag","embeddable":true,"href":"https:\/\/euskara.buruntzaldea.eus\/es\/wp-json\/wp\/v2\/tags?post=842"},{"taxonomy":"herria","embeddable":true,"href":"https:\/\/euskara.buruntzaldea.eus\/es\/wp-json\/wp\/v2\/herria?post=842"}],"curies":[{"name":"wp","href":"https:\/\/api.w.org\/{rel}","templated":true}]}}