{"id":856,"date":"2015-08-10T00:00:00","date_gmt":"2015-08-09T23:00:00","guid":{"rendered":"https:\/\/euskara.buruntzaldea.eus\/2015\/08\/10\/practicas-en-euskera-en-la-empresa-talleres-mecanicos-manuel-echeverria-de-usurbil\/"},"modified":"2015-08-10T00:00:00","modified_gmt":"2015-08-09T23:00:00","slug":"practicas-en-euskera-en-la-empresa-talleres-mecanicos-manuel-echeverria-de-usurbil","status":"publish","type":"post","link":"https:\/\/euskara.buruntzaldea.eus\/es\/practicas-en-euskera-en-la-empresa-talleres-mecanicos-manuel-echeverria-de-usurbil\/","title":{"rendered":"Pr\u00e1cticas en euskera en la empresa Talleres Mec\u00e1nicos Manuel Echeverr\u00eda de Usurbil"},"content":{"rendered":"<p>\n\tEste a&ntilde;o como en ocasiones anteriores <a href=\"http:\/\/www.tmmecheverria.com\/\" target=\"_blank\" rel=\"noopener\">Talleres Mec&aacute;nicos Manuel Echeverr&iacute;a<\/a> ha cogido a una persona en pr&aacute;cticas. Gracias a la iniciativa de los ayuntamientos de Buruntzaldea, y al proyecto puesto en marcha por ellos, el periodo de pr&aacute;cticas se lleva a cabo en euskera.<\/p>\n<p>\n\tEsta empresa de Usurbil, comenz&oacute; a coger a estudiantes en pr&aacute;cticas en 1990 y siempre han sido alumnos de la escuela de Formaci&oacute;n Profesional de Usurbil.<\/p>\n<p>\n\tCuando Talleres Mec&aacute;nicos Manuel Echeverr&iacute;a comenz&oacute; a participar en la iniciativa Baietz gurean! comenzaron a dar pasos en torno al euskera. Han realizado varios trabajos en traducci&oacute;n al euskera: el programa inform&aacute;tico y varios informes de calidad y prevenci&oacute;n. Actualmente el 90% de los trabajadores de la empresa son euskaldunes.<\/p>\n","protected":false},"excerpt":{"rendered":"<p>\n\tDesde 1990 cogen estudiantes para que realicen sus pr&aacute;cticas en euskera<\/p>\n","protected":false},"author":0,"featured_media":854,"comment_status":"closed","ping_status":"closed","sticky":false,"template":"","format":"standard","meta":{"_acf_changed":false,"footnotes":""},"categories":[10],"tags":[],"herria":[359],"class_list":["post-856","post","type-post","status-publish","format-standard","has-post-thumbnail","hentry","category-sin-categorizar","herria-usurbil-es"],"acf":[],"_links":{"self":[{"href":"https:\/\/euskara.buruntzaldea.eus\/es\/wp-json\/wp\/v2\/posts\/856","targetHints":{"allow":["GET"]}}],"collection":[{"href":"https:\/\/euskara.buruntzaldea.eus\/es\/wp-json\/wp\/v2\/posts"}],"about":[{"href":"https:\/\/euskara.buruntzaldea.eus\/es\/wp-json\/wp\/v2\/types\/post"}],"replies":[{"embeddable":true,"href":"https:\/\/euskara.buruntzaldea.eus\/es\/wp-json\/wp\/v2\/comments?post=856"}],"version-history":[{"count":0,"href":"https:\/\/euskara.buruntzaldea.eus\/es\/wp-json\/wp\/v2\/posts\/856\/revisions"}],"wp:featuredmedia":[{"embeddable":true,"href":"https:\/\/euskara.buruntzaldea.eus\/es\/wp-json\/wp\/v2\/media\/854"}],"wp:attachment":[{"href":"https:\/\/euskara.buruntzaldea.eus\/es\/wp-json\/wp\/v2\/media?parent=856"}],"wp:term":[{"taxonomy":"category","embeddable":true,"href":"https:\/\/euskara.buruntzaldea.eus\/es\/wp-json\/wp\/v2\/categories?post=856"},{"taxonomy":"post_tag","embeddable":true,"href":"https:\/\/euskara.buruntzaldea.eus\/es\/wp-json\/wp\/v2\/tags?post=856"},{"taxonomy":"herria","embeddable":true,"href":"https:\/\/euskara.buruntzaldea.eus\/es\/wp-json\/wp\/v2\/herria?post=856"}],"curies":[{"name":"wp","href":"https:\/\/api.w.org\/{rel}","templated":true}]}}